[{"@context":"https:\/\/schema.org\/","@type":"Article","@id":"https:\/\/www.ganat.cz\/zavan-jara-v-nasi-domacnosti\/#Article","mainEntityOfPage":"https:\/\/www.ganat.cz\/zavan-jara-v-nasi-domacnosti\/","headline":"Z\u00e1van jara v na\u0161\u00ed dom\u00e1cnosti","name":"Z\u00e1van jara v na\u0161\u00ed dom\u00e1cnosti","description":"Nen\u00ed kr\u00e1sn\u011bj\u0161\u00edho d\u00e1rku v prvn\u00edch jarn\u00edch dnech, ne\u017e je kytice z tulip\u00e1n\u016f. Jakmile se na va\u0161em stole objev\u00ed, hned m\u00e1te pocit jako by do va\u0161eho bytu zavanula sv\u011b\u017e\u00ed v\u016fn\u011b jara, by\u0165 t\u0159eba tou dobou venku je\u0161t\u011b mrzne. Nicm\u00e9n\u011b na jaro, to obdob\u00ed radosti a zrozen\u00ed nov\u00e9ho \u017eivota se v\u0161ichni z n\u00e1s vroucn\u011b t\u011b\u0161\u00edme a ka\u017ed\u00fd&hellip;","datePublished":"2018-01-18","dateModified":"2018-01-18","author":{"@type":"Person","@id":"https:\/\/www.ganat.cz\/author\/#Person","name":"","url":"https:\/\/www.ganat.cz\/author\/","identifier":1,"image":{"@type":"ImageObject","@id":"https:\/\/secure.gravatar.com\/avatar\/87132efef9f5972c3e770e1fb0907fb3dcc1311f82da5f30bffbae0bd81cf8c0?s=96&d=mm&r=g","url":"https:\/\/secure.gravatar.com\/avatar\/87132efef9f5972c3e770e1fb0907fb3dcc1311f82da5f30bffbae0bd81cf8c0?s=96&d=mm&r=g","height":96,"width":96}},"publisher":{"@type":"Organization","name":"ganat.cz","logo":{"@type":"ImageObject","@id":"\/logo.png","url":"\/logo.png","width":600,"height":60}},"image":{"@type":"ImageObject","@id":"https:\/\/www.ganat.cz\/wp-content\/uploads\/img_a310153_w2061_t1521104698.jpg","url":"https:\/\/www.ganat.cz\/wp-content\/uploads\/img_a310153_w2061_t1521104698.jpg","height":0,"width":0},"url":"https:\/\/www.ganat.cz\/zavan-jara-v-nasi-domacnosti\/","wordCount":436,"articleBody":"       Nen\u00ed kr\u00e1sn\u011bj\u0161\u00edho d\u00e1rku v prvn\u00edch jarn\u00edch dnech, ne\u017e je kytice z tulip\u00e1n\u016f. Jakmile se na va\u0161em stole objev\u00ed, hned m\u00e1te pocit jako by do va\u0161eho bytu zavanula sv\u011b\u017e\u00ed v\u016fn\u011b jara, by\u0165 t\u0159eba tou dobou venku je\u0161t\u011b mrzne. Nicm\u00e9n\u011b na jaro, to obdob\u00ed radosti a zrozen\u00ed nov\u00e9ho \u017eivota se v\u0161ichni z n\u00e1s vroucn\u011b t\u011b\u0161\u00edme a ka\u017ed\u00fd n\u00e1znak, kter\u00fd n\u00e1m ho doma bude p\u0159ipom\u00ednat je v\u017edy v\u00edt\u00e1n.   Kytice, kter\u00e1 nepot\u0159ebuje \u017e\u00e1dn\u00e9 speci\u00e1ln\u00ed p\u0159\u00edle\u017eitosti Kytice z tulip\u00e1n\u016f je jednoduch\u00e1, je sv\u011b\u017e\u00ed, je kr\u00e1sn\u00e1. Kytice tulip\u00e1n\u016f se hod\u00ed nejen jako pozornost pro \u017eeny, ale klidn\u011b i pro mu\u017ee anebo jen tak jako dekorace va\u0161eho domova. D\u016fvod\u016f, pro\u010d darovat kytici tulip\u00e1n\u016f se tedy v\u017edycky najde v\u00edce ne\u017e dost. A nav\u00edc, je to jedna z t\u011bch typ\u016f kytic, u kter\u00fdch nemus\u00edme \u010dekat, a\u017e si na n\u00e1s n\u011bkdo vzpomene a daruje n\u00e1m je. No jen si to srovnejte. Kytici rud\u00fdch r\u016f\u017e\u00ed by si s\u00e1m pro sebe asi nikdo je tak nekoupil, nebo\u0165 by po ka\u017ed\u00e9, kdy\u017e by k n\u011bmu do domu n\u011bkdo zav\u00edtal, musel odpov\u00eddat na nep\u0159\u00edjemnou ot\u00e1zku, kdo mu takovou kytici daroval. O r\u016f\u017e\u00edch je \u0161iroce zn\u00e1mo, \u017ee se jedn\u00e1 o kv\u011btinu darovanou z l\u00e1sky, t\u00edm sp\u00ed\u0161e, pokud jsou rud\u00e9. Nicm\u00e9n\u011b kytici z tulip\u00e1n\u016f si m\u016f\u017eete um\u00edstit kamkoli jen budete cht\u00edt a m\u016f\u017eete si ji kupovat pro svou vlastn\u00ed pot\u0159ebu klidn\u011b ka\u017ed\u00fd t\u00fdden a nikomu to nebude p\u0159ipadat divn\u00e9.   Ud\u011blejte si radost kdykoli m\u00e1te chu\u0165 A n\u00e1m samotn\u00fdm by rovn\u011b\u017e nem\u011blo b\u00fdt divn\u00e9, koupit si kv\u011btiny jen tak, sami pro sebe, ani\u017e bychom k tomu m\u011bli n\u011bjak\u00fd v\u00fdznamn\u00fd d\u016fvod v podob\u011b v\u00fdro\u010d\u00ed anebo d\u016fle\u017eit\u00e9ho \u00fasp\u011bchu. Prost\u011b je d\u016fle\u017eit\u00e9, um\u011bt si sami sob\u011b ud\u011blat radost jen tak, kdy\u017e zrovna c\u00edt\u00edme, \u017ee bychom to pot\u0159ebovali anebo prost\u011b proto, \u017ee m\u00e1me r\u00e1di \u010derstv\u00e9 \u0159ezan\u00e9 kv\u011btiny, kter\u00e9 ka\u017ed\u00e9mu interi\u00e9ru prop\u016fj\u010duj\u00ed sv\u00e9 specifick\u00e9 kouzlo, a i z toho nejzachmu\u0159en\u011bj\u0161\u00edho pokoje \u010di nejtemn\u011bj\u0161\u00edho koutu v dom\u011b r\u00e1zem vy\u010daruj\u00ed \u00fatuln\u00e9 m\u00edsto, kde je radost pob\u00fdvat. Tak nev\u00e1hejte a ud\u011blejte si radost t\u0159eba pr\u00e1v\u011b dnes!                                                                                                                                                                                                                                                                                                                                                                                                  "},{"@context":"https:\/\/schema.org\/","@type":"BreadcrumbList","itemListElement":[{"@type":"ListItem","position":1,"name":"Z\u00e1van jara v na\u0161\u00ed dom\u00e1cnosti","item":"https:\/\/www.ganat.cz\/zavan-jara-v-nasi-domacnosti\/#breadcrumbitem"}]}]