[{"@context":"https:\/\/schema.org\/","@type":"Article","@id":"https:\/\/www.ganat.cz\/pronajem-skladu\/#Article","mainEntityOfPage":"https:\/\/www.ganat.cz\/pronajem-skladu\/","headline":"Pron\u00e1jem skladu","name":"Pron\u00e1jem skladu","description":"Pokud bydl\u00edte v Praze, tak v\u00edte, \u017ee tam je toho tolik, \u017ee nikdo ani nev\u00ed, kde to v\u0161echno skladovat. Tohle byl p\u0159\u00edpad m\u00e9ho bratrance, kter\u00fd nev\u011bd\u011bl, kam svou sb\u00edrku knih a porcel\u00e1nu d\u00e1vat. M\u016fj bratranec bydlel v mal\u00e9m byt\u011b, kter\u00fd byl v Praze a ale byl opravdu p\u011bkn\u00fd. Sice byl docela prostorn\u00fd, ale nedalo se&hellip;","datePublished":"2022-08-21","dateModified":"2023-04-29","author":{"@type":"Person","@id":"https:\/\/www.ganat.cz\/author\/#Person","name":"","url":"https:\/\/www.ganat.cz\/author\/","identifier":1,"image":{"@type":"ImageObject","@id":"https:\/\/secure.gravatar.com\/avatar\/87132efef9f5972c3e770e1fb0907fb3dcc1311f82da5f30bffbae0bd81cf8c0?s=96&d=mm&r=g","url":"https:\/\/secure.gravatar.com\/avatar\/87132efef9f5972c3e770e1fb0907fb3dcc1311f82da5f30bffbae0bd81cf8c0?s=96&d=mm&r=g","height":96,"width":96}},"publisher":{"@type":"Organization","name":"ganat.cz","logo":{"@type":"ImageObject","@id":"\/logo.png","url":"\/logo.png","width":600,"height":60}},"image":{"@type":"ImageObject","@id":"https:\/\/www.ganat.cz\/wp-content\/uploads\/storage-warehouse-1553550_960_720.jpg","url":"https:\/\/www.ganat.cz\/wp-content\/uploads\/storage-warehouse-1553550_960_720.jpg","height":0,"width":0},"url":"https:\/\/www.ganat.cz\/pronajem-skladu\/","about":["Spole\u010dnosti"],"wordCount":406,"articleBody":"        Pokud bydl\u00edte v Praze, tak v\u00edte, \u017ee tam je toho tolik, \u017ee nikdo ani nev\u00ed, kde to v\u0161echno skladovat. Tohle byl p\u0159\u00edpad m\u00e9ho bratrance, kter\u00fd nev\u011bd\u011bl, kam svou sb\u00edrku knih a porcel\u00e1nu d\u00e1vat. M\u016fj bratranec bydlel v mal\u00e9m byt\u011b, kter\u00fd byl v Praze a ale byl opravdu p\u011bkn\u00fd. Sice byl docela prostorn\u00fd, ale nedalo se tam u\u017e v\u016fbec hnout. M\u016fj bratranec toti\u017e sb\u00edral knihy a kr\u00e1sn\u00fd porcel\u00e1n, kter\u00fd zd\u011bdil. Opravdu se mu to zal\u00edbilo a \u010dasem se rozhodl, \u017ee tohle bude sb\u00edrat i nad\u00e1le. Jeho m\u00e1ma byla z toho v \u0161oku, proto\u017ee v\u011bd\u011bla, \u017ee takov\u00e9 v\u011bci zaberou opravdu mnoho m\u00edsta. Jeho m\u00e1ma mu \u0159ekla, a\u0165 se toho zbav\u00ed, proto\u017ee to zbyte\u010dn\u011b zab\u00edr\u00e1 snad jednu celou velkou m\u00edstnost.Bratranec m\u011bl sice sv\u016fj pokoj, kde svou sb\u00edrku knih a porcel\u00e1nu m\u011bl, ale i tak u\u017e to zasahovalo nap\u0159\u00edklad do ob\u00fdv\u00e1ku anebo do chodby. A to se jeho m\u00e1m\u011b samoz\u0159ejm\u011b nel\u00edbilo. A i kdy\u017e se bratranec odst\u011bhoval od m\u00e1my, tak st\u00e1le toho porcel\u00e1nu m\u011bl mnoho. Tak se rozhodl, \u017ee si pronajme mal\u00fd sklad v Praze. Pron\u00e1jem mal\u00e9ho skladu v Praze vyjde docela draho, i kdy\u017e se jedn\u00e1 pouze o mal\u00fd sklad. Pron\u00e1jem mal\u00e9ho skladu v Praze je takov\u00fd, \u017ee si m\u016f\u017eete pronajmout jak\u00fdkoliv sklad o jak\u00e9koliv velikosti. A m\u016fj bratranec si pronajal pouze mal\u00fd sklad, proto\u017ee v\u011b\u0159il, \u017ee se mu jeho sb\u00edrka porcel\u00e1nu a knih tam vejde. Na\u0161t\u011bst\u00ed to byla pravda. V\u0161echno se mu tam ve\u0161lo. Nicm\u00e9n\u011b ale cena i tak byla docela vysok\u00e1, tak\u017ee se bratranec mus\u00ed na brig\u00e1d\u00e1ch opravdu hodn\u011b oh\u00e1n\u011bt. Mysl\u00edm si, \u017ee skoro \u010dtvrtka jeho v\u00fdplaty na brig\u00e1d\u011b mu padne na pron\u00e1jem mal\u00e9ho skladu v Praze. \u0158\u00edk\u00e1m mu, \u017ee by se mu vyplatilo, kdyby svou sb\u00edrku knih a porcel\u00e1nu prodal, proto\u017ee jinak takhle kv\u016fli t\u00e9to sb\u00edrce zkrachuje. Bratranec chce j\u00edt studovat vysokou \u0161kolu a mysl\u00edm si, \u017ee pokud bude st\u00e1le sb\u00edrat ty blbosti, tak se ani na \u017e\u00e1dnou vysokou \u0161kolu nedostane. Nebude m\u00edt na to pen\u00edze.                                                                                                                                                                                                                                                                                                                                                                                                  "},{"@context":"https:\/\/schema.org\/","@type":"BreadcrumbList","itemListElement":[{"@type":"ListItem","position":1,"name":"Pron\u00e1jem skladu","item":"https:\/\/www.ganat.cz\/pronajem-skladu\/#breadcrumbitem"}]}]