[{"@context":"https:\/\/schema.org\/","@type":"Article","@id":"https:\/\/www.ganat.cz\/chudaci-politici\/#Article","mainEntityOfPage":"https:\/\/www.ganat.cz\/chudaci-politici\/","headline":"Chud\u00e1ci politici","name":"Chud\u00e1ci politici","description":"Na politic\u00edch, jak se \u0159\u00edk\u00e1, \u010dasto nenech\u00e1me nit suchou. Kdykoliv tito o n\u011b\u010dem rozhodnou, mus\u00ed po\u010d\u00edtat s\u00a0t\u00edm, \u017ee se najde n\u011bkdo z\u00a0jejich poddan\u00fdch, komu se to nebude l\u00edbit. A proto\u017ee je dnes demokracie, mus\u00ed po\u010d\u00edtat i s\u00a0t\u00edm, \u017ee si to takov\u00e1 potrefen\u00e1 husa nenech\u00e1 l\u00edbit a ozve se. A to i dost hlasit\u011b a nep\u0159\u00edjemn\u011b.&hellip;","datePublished":"2024-06-27","dateModified":"2024-06-27","author":{"@type":"Person","@id":"https:\/\/www.ganat.cz\/author\/#Person","name":"","url":"https:\/\/www.ganat.cz\/author\/","identifier":1,"image":{"@type":"ImageObject","@id":"https:\/\/secure.gravatar.com\/avatar\/87132efef9f5972c3e770e1fb0907fb3dcc1311f82da5f30bffbae0bd81cf8c0?s=96&d=mm&r=g","url":"https:\/\/secure.gravatar.com\/avatar\/87132efef9f5972c3e770e1fb0907fb3dcc1311f82da5f30bffbae0bd81cf8c0?s=96&d=mm&r=g","height":96,"width":96}},"publisher":{"@type":"Organization","name":"ganat.cz","logo":{"@type":"ImageObject","@id":"\/logo.png","url":"\/logo.png","width":600,"height":60}},"image":{"@type":"ImageObject","@id":"https:\/\/www.ganat.cz\/wp-content\/uploads\/%C5%BE%C5%BE_10_10_10_10_9.jpg","url":"https:\/\/www.ganat.cz\/wp-content\/uploads\/%C5%BE%C5%BE_10_10_10_10_9.jpg","height":0,"width":0},"url":"https:\/\/www.ganat.cz\/chudaci-politici\/","about":["Politika"],"wordCount":431,"articleBody":"Na politic\u00edch, jak se \u0159\u00edk\u00e1, \u010dasto nenech\u00e1me nit suchou. Kdykoliv tito o n\u011b\u010dem rozhodnou, mus\u00ed po\u010d\u00edtat s\u00a0t\u00edm, \u017ee se najde n\u011bkdo z\u00a0jejich poddan\u00fdch, komu se to nebude l\u00edbit. A proto\u017ee je dnes demokracie, mus\u00ed po\u010d\u00edtat i s\u00a0t\u00edm, \u017ee si to takov\u00e1 potrefen\u00e1 husa nenech\u00e1 l\u00edbit a ozve se. A to i dost hlasit\u011b a nep\u0159\u00edjemn\u011b. Proto\u017ee jak\u00e1 je pravd\u011bpodobnost, \u017ee se rozhodnut\u00ed n\u011bjak\u00e9ho politika nebo strany bude l\u00edbit v\u0161em? Skoro nulov\u00e1. A i kdy\u017e se najde t\u00e9ma, kter\u00e9 nikoho nena\u0161tve, d\u00e1 se p\u0159edpokl\u00e1dat, \u017ee jeho realizace neprob\u011bhne \u00fapln\u011b hladce a n\u011bjac\u00ed ti kritici se p\u0159ece jenom najdou.Vezm\u011bte si t\u0159eba velk\u00fd probl\u00e9m, j\u00edm\u017e je pro Evropu migrace. D\u0159\u00edve migra\u010dn\u00ed krize. Kolik si toho musela vyslechnout t\u0159eba Mutti Merkel za sv\u016fj n\u00e1zor, \u017ee to N\u011bmci zvl\u00e1dnou! A kolik si toho musela vyslechnout pozd\u011bji od n\u011bkoho jako my, kdy\u017e se zjistilo, \u017ee to N\u011bmecko nezvl\u00e1dne a cht\u011blo by tedy n\u011bkter\u00e9 p\u0159ijat\u00e9 migranty p\u0159esunout t\u0159eba pr\u00e1v\u011b k\u00a0n\u00e1m!\u00a0Nebo si vezm\u011bte finan\u010dn\u00ed politiku. Kdy\u017e n\u011bkdo z\u00a0politik\u016f rozd\u00e1v\u00e1 p\u0159\u00edli\u0161 \u0161t\u011bd\u0159e st\u00e1tn\u00ed pen\u00edze, zejm\u00e9na ty, kter\u00e9 nem\u00e1, skl\u00edz\u00ed kritiku od rozumn\u00fdch lid\u00ed. A jakmile takov\u00e9ho populistu vyst\u0159\u00edd\u00e1 n\u011bkdo, kdo ut\u00e1hne kohoutky, ozvou se ti druz\u00ed, ti, k\u00a0nim\u017e najednou p\u0159estal b\u00fdt st\u00e1t p\u0159\u00edli\u0161 \u0161t\u011bdr\u00fd.Kdy\u017e chce n\u011bkdo z\u00a0politik\u016f v\u00a0dne\u0161n\u00ed dob\u011b spolupracovat s\u00a0Ruskem, je pro spoustu lid\u00ed vyvrhelem podporuj\u00edc\u00edm v\u00e1lku. A kdy\u017e nechce s\u00a0Ruskem pro zm\u011bnu nic m\u00edt, r\u00e1zem je vyvrhelem tak\u00e9, proto\u017ee t\u00edm komplikuje t\u0159eba z\u00e1sobov\u00e1n\u00ed na\u0161\u00ed zem\u011b plynem, co\u017e vedlo ke zdra\u017eov\u00e1n\u00ed.\u00a0A kdy\u017e chce n\u011bkdo pom\u00e1hat Ukrajinc\u016fm, kte\u0159\u00ed utekli pr\u00e1v\u011b k\u00a0n\u00e1m, nebo kdy\u017e hodl\u00e1 podporovat jejich zemi zbran\u011bmi, je vyvrhel, kter\u00fd se star\u00e1 o ciz\u00ed lidi a zatahuje n\u00e1s do v\u00e1lky, zat\u00edmco nech\u00e1v\u00e1 vlastn\u00ed lidi na holi\u010dk\u00e1ch.\u00a0Politici se prost\u011b nezavd\u011b\u010d\u00ed. A aby to obzvl\u00e1\u0161\u0165 nem\u011bli snadn\u00e9, mus\u00ed spolupracovat s\u00a0jin\u00fdmi zvolen\u00fdmi politiky a nal\u00e9zat kompromis i s\u00a0t\u011bmi odli\u0161n\u011b sm\u00fd\u0161lej\u00edc\u00edmi. A zkuste si to sami, jak\u00e9 to je dohodnout se s\u00a0n\u011bk\u00fdm, kdo s\u00a0v\u00e1mi nesouhlas\u00ed.                                                                                                                                                                                                                                                                                                                                                                                                "},{"@context":"https:\/\/schema.org\/","@type":"BreadcrumbList","itemListElement":[{"@type":"ListItem","position":1,"name":"Chud\u00e1ci politici","item":"https:\/\/www.ganat.cz\/chudaci-politici\/#breadcrumbitem"}]}]